{"id":4133,"count":1,"description":"","link":"https:\/\/www.urfabugun.com\/index.php\/tag\/erbakan-talimat-vermisti-karakoprude-rusvet-alan-da-veren-de-melundur-pankarti-asildi\/","name":"Erbakan Talimat Vermi\u015fti: Karak\u00f6pr\u00fc\u2019de R\u00fc\u015fvet Alan da Veren de Melundur Pankart\u0131 As\u0131ld\u0131!","slug":"erbakan-talimat-vermisti-karakoprude-rusvet-alan-da-veren-de-melundur-pankarti-asildi","taxonomy":"post_tag","meta":[],"_links":{"self":[{"href":"https:\/\/www.urfabugun.com\/index.php\/wp-json\/wp\/v2\/tags\/4133","targetHints":{"allow":["GET"]}}],"collection":[{"href":"https:\/\/www.urfabugun.com\/index.php\/wp-json\/wp\/v2\/tags"}],"about":[{"href":"https:\/\/www.urfabugun.com\/index.php\/wp-json\/wp\/v2\/taxonomies\/post_tag"}],"wp:post_type":[{"href":"https:\/\/www.urfabugun.com\/index.php\/wp-json\/wp\/v2\/posts?tags=4133"},{"href":"https:\/\/www.urfabugun.com\/index.php\/wp-json\/wp\/v2\/columist?tags=4133"}],"curies":[{"name":"wp","href":"https:\/\/api.w.org\/{rel}","templated":true}]}}