{"id":4161,"count":1,"description":"","link":"https:\/\/www.urfabugun.com\/index.php\/tag\/karakopru-kirsalinda-kadinlara-saglik-ve-geri-donusum-egitim\/","name":"Karak\u00f6pr\u00fc K\u0131rsal\u0131nda Kad\u0131nlara Sa\u011fl\u0131k ve Geri D\u00f6n\u00fc\u015f\u00fcm E\u011fitim!","slug":"karakopru-kirsalinda-kadinlara-saglik-ve-geri-donusum-egitim","taxonomy":"post_tag","meta":[],"_links":{"self":[{"href":"https:\/\/www.urfabugun.com\/index.php\/wp-json\/wp\/v2\/tags\/4161","targetHints":{"allow":["GET"]}}],"collection":[{"href":"https:\/\/www.urfabugun.com\/index.php\/wp-json\/wp\/v2\/tags"}],"about":[{"href":"https:\/\/www.urfabugun.com\/index.php\/wp-json\/wp\/v2\/taxonomies\/post_tag"}],"wp:post_type":[{"href":"https:\/\/www.urfabugun.com\/index.php\/wp-json\/wp\/v2\/posts?tags=4161"},{"href":"https:\/\/www.urfabugun.com\/index.php\/wp-json\/wp\/v2\/columist?tags=4161"}],"curies":[{"name":"wp","href":"https:\/\/api.w.org\/{rel}","templated":true}]}}