{"id":4197,"count":1,"description":"","link":"https:\/\/www.urfabugun.com\/index.php\/tag\/sanliurfada-evde-cikan-yanginda-bir-kisi-dumandan-etkilendi\/","name":"\u015eanl\u0131urfa'da Evde \u00c7\u0131kan Yang\u0131nda Bir Ki\u015fi Dumandan Etkilendi!","slug":"sanliurfada-evde-cikan-yanginda-bir-kisi-dumandan-etkilendi","taxonomy":"post_tag","meta":[],"_links":{"self":[{"href":"https:\/\/www.urfabugun.com\/index.php\/wp-json\/wp\/v2\/tags\/4197","targetHints":{"allow":["GET"]}}],"collection":[{"href":"https:\/\/www.urfabugun.com\/index.php\/wp-json\/wp\/v2\/tags"}],"about":[{"href":"https:\/\/www.urfabugun.com\/index.php\/wp-json\/wp\/v2\/taxonomies\/post_tag"}],"wp:post_type":[{"href":"https:\/\/www.urfabugun.com\/index.php\/wp-json\/wp\/v2\/posts?tags=4197"},{"href":"https:\/\/www.urfabugun.com\/index.php\/wp-json\/wp\/v2\/columist?tags=4197"}],"curies":[{"name":"wp","href":"https:\/\/api.w.org\/{rel}","templated":true}]}}