{"id":4514,"count":1,"description":"","link":"https:\/\/www.urfabugun.com\/index.php\/tag\/bayram-oncesi-arac-sahiplerine-kotu-haber-akaryakita-buyuk-zam-geliyor\/","name":"Bayram \u00d6ncesi Ara\u00e7 Sahiplerine K\u00f6t\u00fc Haber: Akaryak\u0131ta B\u00fcy\u00fck Zam Geliyor!","slug":"bayram-oncesi-arac-sahiplerine-kotu-haber-akaryakita-buyuk-zam-geliyor","taxonomy":"post_tag","meta":[],"_links":{"self":[{"href":"https:\/\/www.urfabugun.com\/index.php\/wp-json\/wp\/v2\/tags\/4514","targetHints":{"allow":["GET"]}}],"collection":[{"href":"https:\/\/www.urfabugun.com\/index.php\/wp-json\/wp\/v2\/tags"}],"about":[{"href":"https:\/\/www.urfabugun.com\/index.php\/wp-json\/wp\/v2\/taxonomies\/post_tag"}],"wp:post_type":[{"href":"https:\/\/www.urfabugun.com\/index.php\/wp-json\/wp\/v2\/posts?tags=4514"},{"href":"https:\/\/www.urfabugun.com\/index.php\/wp-json\/wp\/v2\/columist?tags=4514"}],"curies":[{"name":"wp","href":"https:\/\/api.w.org\/{rel}","templated":true}]}}