{"id":4520,"count":1,"description":"","link":"https:\/\/www.urfabugun.com\/index.php\/tag\/dilan-polatin-kardesleri-sila-dogu-ve-can-dogu-tahliye-oldu\/","name":"Dilan Polat\u2019\u0131n Karde\u015fleri S\u0131la Do\u011fu ve Can Do\u011fu Tahliye Oldu!","slug":"dilan-polatin-kardesleri-sila-dogu-ve-can-dogu-tahliye-oldu","taxonomy":"post_tag","meta":[],"_links":{"self":[{"href":"https:\/\/www.urfabugun.com\/index.php\/wp-json\/wp\/v2\/tags\/4520","targetHints":{"allow":["GET"]}}],"collection":[{"href":"https:\/\/www.urfabugun.com\/index.php\/wp-json\/wp\/v2\/tags"}],"about":[{"href":"https:\/\/www.urfabugun.com\/index.php\/wp-json\/wp\/v2\/taxonomies\/post_tag"}],"wp:post_type":[{"href":"https:\/\/www.urfabugun.com\/index.php\/wp-json\/wp\/v2\/posts?tags=4520"},{"href":"https:\/\/www.urfabugun.com\/index.php\/wp-json\/wp\/v2\/columist?tags=4520"}],"curies":[{"name":"wp","href":"https:\/\/api.w.org\/{rel}","templated":true}]}}