{"id":4556,"count":1,"description":"","link":"https:\/\/www.urfabugun.com\/index.php\/tag\/sanliurfali-16-yasindaki-kayip-gencten-haber-alinamiyor\/","name":"\u015eanl\u0131urfal\u0131 16 Ya\u015f\u0131ndaki Kay\u0131p Gen\u00e7ten Haber Al\u0131nam\u0131yor!","slug":"sanliurfali-16-yasindaki-kayip-gencten-haber-alinamiyor","taxonomy":"post_tag","meta":[],"_links":{"self":[{"href":"https:\/\/www.urfabugun.com\/index.php\/wp-json\/wp\/v2\/tags\/4556","targetHints":{"allow":["GET"]}}],"collection":[{"href":"https:\/\/www.urfabugun.com\/index.php\/wp-json\/wp\/v2\/tags"}],"about":[{"href":"https:\/\/www.urfabugun.com\/index.php\/wp-json\/wp\/v2\/taxonomies\/post_tag"}],"wp:post_type":[{"href":"https:\/\/www.urfabugun.com\/index.php\/wp-json\/wp\/v2\/posts?tags=4556"},{"href":"https:\/\/www.urfabugun.com\/index.php\/wp-json\/wp\/v2\/columist?tags=4556"}],"curies":[{"name":"wp","href":"https:\/\/api.w.org\/{rel}","templated":true}]}}