{"id":4593,"count":1,"description":"","link":"https:\/\/www.urfabugun.com\/index.php\/tag\/kabine-bugun-toplanacak-ekonomi-basliklari-gundemde-olacak\/","name":"Kabine Bug\u00fcn Toplanacak: Ekonomi Ba\u015fl\u0131klar\u0131 G\u00fcndemde Olacak!","slug":"kabine-bugun-toplanacak-ekonomi-basliklari-gundemde-olacak","taxonomy":"post_tag","meta":[],"_links":{"self":[{"href":"https:\/\/www.urfabugun.com\/index.php\/wp-json\/wp\/v2\/tags\/4593","targetHints":{"allow":["GET"]}}],"collection":[{"href":"https:\/\/www.urfabugun.com\/index.php\/wp-json\/wp\/v2\/tags"}],"about":[{"href":"https:\/\/www.urfabugun.com\/index.php\/wp-json\/wp\/v2\/taxonomies\/post_tag"}],"wp:post_type":[{"href":"https:\/\/www.urfabugun.com\/index.php\/wp-json\/wp\/v2\/posts?tags=4593"},{"href":"https:\/\/www.urfabugun.com\/index.php\/wp-json\/wp\/v2\/columist?tags=4593"}],"curies":[{"name":"wp","href":"https:\/\/api.w.org\/{rel}","templated":true}]}}