{"id":4669,"count":1,"description":"","link":"https:\/\/www.urfabugun.com\/index.php\/tag\/dedas-uyardi-sanliurfada-elektrikler-kesilecek\/","name":"DEDA\u015e Uyard\u0131! \u015eanl\u0131urfa\u2019da Elektrikler Kesilecek!","slug":"dedas-uyardi-sanliurfada-elektrikler-kesilecek","taxonomy":"post_tag","meta":[],"_links":{"self":[{"href":"https:\/\/www.urfabugun.com\/index.php\/wp-json\/wp\/v2\/tags\/4669","targetHints":{"allow":["GET"]}}],"collection":[{"href":"https:\/\/www.urfabugun.com\/index.php\/wp-json\/wp\/v2\/tags"}],"about":[{"href":"https:\/\/www.urfabugun.com\/index.php\/wp-json\/wp\/v2\/taxonomies\/post_tag"}],"wp:post_type":[{"href":"https:\/\/www.urfabugun.com\/index.php\/wp-json\/wp\/v2\/posts?tags=4669"},{"href":"https:\/\/www.urfabugun.com\/index.php\/wp-json\/wp\/v2\/columist?tags=4669"}],"curies":[{"name":"wp","href":"https:\/\/api.w.org\/{rel}","templated":true}]}}