{"id":4702,"count":1,"description":"","link":"https:\/\/www.urfabugun.com\/index.php\/tag\/eyyubiyede-balkondan-dusen-4-yasindaki-cocuk-hayatini-kaybetti\/","name":"Eyy\u00fcbiye\u2019de Balkondan D\u00fc\u015fen 4 Ya\u015f\u0131ndaki \u00c7ocuk Hayat\u0131n\u0131 Kaybetti!","slug":"eyyubiyede-balkondan-dusen-4-yasindaki-cocuk-hayatini-kaybetti","taxonomy":"post_tag","meta":[],"_links":{"self":[{"href":"https:\/\/www.urfabugun.com\/index.php\/wp-json\/wp\/v2\/tags\/4702","targetHints":{"allow":["GET"]}}],"collection":[{"href":"https:\/\/www.urfabugun.com\/index.php\/wp-json\/wp\/v2\/tags"}],"about":[{"href":"https:\/\/www.urfabugun.com\/index.php\/wp-json\/wp\/v2\/taxonomies\/post_tag"}],"wp:post_type":[{"href":"https:\/\/www.urfabugun.com\/index.php\/wp-json\/wp\/v2\/posts?tags=4702"},{"href":"https:\/\/www.urfabugun.com\/index.php\/wp-json\/wp\/v2\/columist?tags=4702"}],"curies":[{"name":"wp","href":"https:\/\/api.w.org\/{rel}","templated":true}]}}