{"id":504,"count":1,"description":"","link":"https:\/\/www.urfabugun.com\/index.php\/tag\/hatayda-depremde-hayatini-kaybeden-cocuklarin-anisina\/","name":"Hatay\u2019da depremde hayat\u0131n\u0131 kaybeden \u00e7ocuklar\u0131n an\u0131s\u0131na","slug":"hatayda-depremde-hayatini-kaybeden-cocuklarin-anisina","taxonomy":"post_tag","meta":[],"_links":{"self":[{"href":"https:\/\/www.urfabugun.com\/index.php\/wp-json\/wp\/v2\/tags\/504","targetHints":{"allow":["GET"]}}],"collection":[{"href":"https:\/\/www.urfabugun.com\/index.php\/wp-json\/wp\/v2\/tags"}],"about":[{"href":"https:\/\/www.urfabugun.com\/index.php\/wp-json\/wp\/v2\/taxonomies\/post_tag"}],"wp:post_type":[{"href":"https:\/\/www.urfabugun.com\/index.php\/wp-json\/wp\/v2\/posts?tags=504"},{"href":"https:\/\/www.urfabugun.com\/index.php\/wp-json\/wp\/v2\/columist?tags=504"}],"curies":[{"name":"wp","href":"https:\/\/api.w.org\/{rel}","templated":true}]}}