{"id":760,"count":1,"description":"","link":"https:\/\/www.urfabugun.com\/index.php\/tag\/yks-tarihi-osym-tarafindan-az-once-yapilan-resmi-duyuru-ile-internet-sitesinden-aciklandi-yuksekogretim-kurumlari-sinaviyks-17-18-haziran-2023te-yapilacak\/","name":"YKS tarihi \u00d6SYM taraf\u0131ndan az \u00f6nce yap\u0131lan resmi duyuru ile internet sitesinden a\u00e7\u0131kland\u0131. Y\u00fcksek\u00f6\u011fretim Kurumlar\u0131 S\u0131nav\u0131(YKS) 17-18 Haziran 2023&#039;te yap\u0131lacak.","slug":"yks-tarihi-osym-tarafindan-az-once-yapilan-resmi-duyuru-ile-internet-sitesinden-aciklandi-yuksekogretim-kurumlari-sinaviyks-17-18-haziran-2023te-yapilacak","taxonomy":"post_tag","meta":[],"_links":{"self":[{"href":"https:\/\/www.urfabugun.com\/index.php\/wp-json\/wp\/v2\/tags\/760","targetHints":{"allow":["GET"]}}],"collection":[{"href":"https:\/\/www.urfabugun.com\/index.php\/wp-json\/wp\/v2\/tags"}],"about":[{"href":"https:\/\/www.urfabugun.com\/index.php\/wp-json\/wp\/v2\/taxonomies\/post_tag"}],"wp:post_type":[{"href":"https:\/\/www.urfabugun.com\/index.php\/wp-json\/wp\/v2\/posts?tags=760"},{"href":"https:\/\/www.urfabugun.com\/index.php\/wp-json\/wp\/v2\/columist?tags=760"}],"curies":[{"name":"wp","href":"https:\/\/api.w.org\/{rel}","templated":true}]}}