{"id":807,"count":1,"description":"","link":"https:\/\/www.urfabugun.com\/index.php\/tag\/sanliurfa-siracilar-ve-kuruyemisciler-odasi-baskani-ahmet-aslan\/","name":"\u015eanl\u0131urfa \u015e\u0131rac\u0131lar ve Kuruyemi\u015f\u00e7iler odas\u0131 ba\u015fkan\u0131 Ahmet Aslan","slug":"sanliurfa-siracilar-ve-kuruyemisciler-odasi-baskani-ahmet-aslan","taxonomy":"post_tag","meta":[],"_links":{"self":[{"href":"https:\/\/www.urfabugun.com\/index.php\/wp-json\/wp\/v2\/tags\/807","targetHints":{"allow":["GET"]}}],"collection":[{"href":"https:\/\/www.urfabugun.com\/index.php\/wp-json\/wp\/v2\/tags"}],"about":[{"href":"https:\/\/www.urfabugun.com\/index.php\/wp-json\/wp\/v2\/taxonomies\/post_tag"}],"wp:post_type":[{"href":"https:\/\/www.urfabugun.com\/index.php\/wp-json\/wp\/v2\/posts?tags=807"},{"href":"https:\/\/www.urfabugun.com\/index.php\/wp-json\/wp\/v2\/columist?tags=807"}],"curies":[{"name":"wp","href":"https:\/\/api.w.org\/{rel}","templated":true}]}}