{"id":895,"count":1,"description":"","link":"https:\/\/www.urfabugun.com\/index.php\/tag\/selde-hayatini-kaybedenlerin-sayisi-14-e-yukseldi\/","name":"selde hayat\u0131n\u0131 kaybedenlerin say\u0131s\u0131 14 e y\u00fckseldi","slug":"selde-hayatini-kaybedenlerin-sayisi-14-e-yukseldi","taxonomy":"post_tag","meta":[],"_links":{"self":[{"href":"https:\/\/www.urfabugun.com\/index.php\/wp-json\/wp\/v2\/tags\/895","targetHints":{"allow":["GET"]}}],"collection":[{"href":"https:\/\/www.urfabugun.com\/index.php\/wp-json\/wp\/v2\/tags"}],"about":[{"href":"https:\/\/www.urfabugun.com\/index.php\/wp-json\/wp\/v2\/taxonomies\/post_tag"}],"wp:post_type":[{"href":"https:\/\/www.urfabugun.com\/index.php\/wp-json\/wp\/v2\/posts?tags=895"},{"href":"https:\/\/www.urfabugun.com\/index.php\/wp-json\/wp\/v2\/columist?tags=895"}],"curies":[{"name":"wp","href":"https:\/\/api.w.org\/{rel}","templated":true}]}}